{"id":1530,"date":"2015-11-30T21:33:26","date_gmt":"2015-11-30T21:33:26","guid":{"rendered":"http:\/\/st-defender.de\/?p=1530"},"modified":"2016-12-02T21:18:03","modified_gmt":"2016-12-02T21:18:03","slug":"adventskalender-2015-2","status":"publish","type":"post","link":"http:\/\/st-defender.de\/?p=1530","title":{"rendered":"Adventskalender 2015"},"content":{"rendered":"<p><a href=\"http:\/\/st-defender.de\/wp-content\/uploads\/2015\/11\/advent-2015.jpg\" rel=\"lightbox[1530]\"><img decoding=\"async\" loading=\"lazy\" class=\"alignleft size-medium wp-image-1584\" alt=\"advent-2015\" src=\"http:\/\/st-defender.de\/wp-content\/uploads\/2015\/11\/advent-2015-300x168.jpg\" width=\"300\" height=\"168\" srcset=\"http:\/\/st-defender.de\/wp-content\/uploads\/2015\/11\/advent-2015-300x168.jpg 300w, http:\/\/st-defender.de\/wp-content\/uploads\/2015\/11\/advent-2015-1024x576.jpg 1024w, http:\/\/st-defender.de\/wp-content\/uploads\/2015\/11\/advent-2015-460x258.jpg 460w, http:\/\/st-defender.de\/wp-content\/uploads\/2015\/11\/advent-2015-688x387.jpg 688w, http:\/\/st-defender.de\/wp-content\/uploads\/2015\/11\/advent-2015.jpg 1920w\" sizes=\"(max-width: 300px) 100vw, 300px\" \/><\/a><br \/>\nEhrlich gesagt, habe ich ernsthaft \u00fcberlegt, ob ich dieses Jahr wieder einen Adventskalender auf den &#8222;Markt&#8220; bringen soll &#8211; angesichts der bescheidenen Resonanz in den letzten zwei Jahren. Aber irgendwie bringe ich es nicht fertig, diese lieb gewonnene Tradition so einfach aus den Fingern zu lassen.<br \/>\nAu\u00dferdem kann ich im Moment jede Ablenkung gut gebrauchen (meine Mutter liegt im Krankenhaus, ist zwar auf dem Weg der Besserung, aber die Situation nervt). Und wenn ich damit ein paar Leute gl\u00fccklich machen kann &#8230; um so besser.<br \/>\nAllerdings gibt es dieses Mal nur Bilder. Es war einfach ein stressiges, sch*** Jahr, in dem ich kaum etwas geschrieben habe (jedenfalls keine Fanfiction). Trotzdem viel Spa\u00df beim T\u00fcrchen \u00f6ffnen! Und, um mit Captain Corazon Inserra zu sprrechen: &#8222;Frohes Fest, guten Rutsch &#8211; und wir sehen uns. Irgendwann, irgendwie &#8230;&#8220; :).<\/p>\n<p><strong><br \/>\n<a title=\"Hier geht's zum Adventskalender\" href=\"http:\/\/st-defender.de\/wp-content\/uploads\/2015\/11\/adventskalender.html\" target=\"_blank\">Hier geht&#8217;s zum Adventskalender<\/a><\/strong><\/p>\n<div style=\"padding: 10px 0 \"  class=\"interactive_bottom\"><div class='button_holder_left'><iframe allowtransparency=\"true\" frameborder=\"0\" scrolling=\"no\" src=\"http:\/\/platform.twitter.com\/widgets\/tweet_button.html?url=http%3A%2F%2Fst-defender.de%2F%3Fp%3D1530&amp;text=Adventskalender 2015&amp;count=horizontal&amp;lang=de_DE  \" style=\"width:65px; height:21px;\"><\/iframe><\/div><div class='button_holder_left'><iframe src=\"http:\/\/www.facebook.com\/plugins\/like.php?href=http%3A%2F%2Fst-defender.de%2F%3Fp%3D1530&amp;layout=box_count&amp;show_faces=false&amp;width=65&amp;action=like&amp;font=arial&amp;colorscheme=light&amp;height=65\" scrolling=\"no\" frameborder=\"0\" style=\"border:none; overflow:hidden; width:65px; height:65px;\" allowTransparency=\"true\"><\/iframe><\/div><\/div>","protected":false},"excerpt":{"rendered":"<p>Ehrlich gesagt, habe ich ernsthaft \u00fcberlegt, ob ich dieses Jahr wieder einen Adventskalender auf den &#8222;Markt&#8220; bringen soll &#8211; angesichts der bescheidenen Resonanz in den letzten zwei Jahren. Aber irgendwie bringe ich es nicht fertig, diese lieb gewonnene Tradition so einfach aus den Fingern zu lassen. Au\u00dferdem kann ich im Moment jede Ablenkung gut gebrauchen &#8230;<\/p>\n","protected":false},"author":1,"featured_media":0,"comment_status":"open","ping_status":"open","sticky":false,"template":"","format":"standard","meta":{"ngg_post_thumbnail":0},"categories":[139,16],"tags":[],"_links":{"self":[{"href":"http:\/\/st-defender.de\/index.php?rest_route=\/wp\/v2\/posts\/1530"}],"collection":[{"href":"http:\/\/st-defender.de\/index.php?rest_route=\/wp\/v2\/posts"}],"about":[{"href":"http:\/\/st-defender.de\/index.php?rest_route=\/wp\/v2\/types\/post"}],"author":[{"embeddable":true,"href":"http:\/\/st-defender.de\/index.php?rest_route=\/wp\/v2\/users\/1"}],"replies":[{"embeddable":true,"href":"http:\/\/st-defender.de\/index.php?rest_route=%2Fwp%2Fv2%2Fcomments&post=1530"}],"version-history":[{"count":4,"href":"http:\/\/st-defender.de\/index.php?rest_route=\/wp\/v2\/posts\/1530\/revisions"}],"predecessor-version":[{"id":1677,"href":"http:\/\/st-defender.de\/index.php?rest_route=\/wp\/v2\/posts\/1530\/revisions\/1677"}],"wp:attachment":[{"href":"http:\/\/st-defender.de\/index.php?rest_route=%2Fwp%2Fv2%2Fmedia&parent=1530"}],"wp:term":[{"taxonomy":"category","embeddable":true,"href":"http:\/\/st-defender.de\/index.php?rest_route=%2Fwp%2Fv2%2Fcategories&post=1530"},{"taxonomy":"post_tag","embeddable":true,"href":"http:\/\/st-defender.de\/index.php?rest_route=%2Fwp%2Fv2%2Ftags&post=1530"}],"curies":[{"name":"wp","href":"https:\/\/api.w.org\/{rel}","templated":true}]}}